{"id":1221,"date":"2021-01-05T11:56:47","date_gmt":"2021-01-05T11:56:47","guid":{"rendered":"https:\/\/audio-tools.at\/?p=1221"},"modified":"2022-02-22T21:38:17","modified_gmt":"2022-02-22T21:38:17","slug":"adamson-impressionen","status":"publish","type":"post","link":"https:\/\/audio-tools.at\/index.php\/2021\/01\/05\/adamson-impressionen\/","title":{"rendered":"Adamson Impressionen"},"content":{"rendered":"\t\t<div data-elementor-type=\"wp-post\" data-elementor-id=\"1221\" class=\"elementor elementor-1221\">\n\t\t\t\t\t\t<section class=\"elementor-section elementor-top-section elementor-element elementor-element-44074ca elementor-section-boxed elementor-section-height-default elementor-section-height-default\" data-id=\"44074ca\" data-element_type=\"section\" data-e-type=\"section\">\n\t\t\t\t\t\t<div class=\"elementor-container elementor-column-gap-default\">\n\t\t\t\t\t<div class=\"aux-parallax-section elementor-column elementor-col-100 elementor-top-column elementor-element elementor-element-bcc7993\" data-id=\"bcc7993\" data-element_type=\"column\" data-e-type=\"column\">\n\t\t\t<div class=\"elementor-widget-wrap elementor-element-populated\">\n\t\t\t\t\t\t<div class=\"elementor-element elementor-element-3394974 elementor-widget elementor-widget-text-editor\" data-id=\"3394974\" data-element_type=\"widget\" data-e-type=\"widget\" data-widget_type=\"text-editor.default\">\n\t\t\t\t<div class=\"elementor-widget-container\">\n\t\t\t\t\t\t\t\t\t<p>Adamson ist einer der f\u00fchrenden Anbieter f\u00fcr hochwertige professionelle Audiol\u00f6sungen. Hier finden Sie einen Querschnitt und Impressionen, quer durch \u00d6sterreich von den Bregenzer Festspielen bis zum Goldenen Saal des Musikveriens Wien.<\/p>\t\t\t\t\t\t\t\t<\/div>\n\t\t\t\t<\/div>\n\t\t\t\t\t<\/div>\n\t\t<\/div>\n\t\t\t\t\t<\/div>\n\t\t<\/section>\n\t\t\t\t<section class=\"elementor-section elementor-top-section elementor-element elementor-element-217003c elementor-section-boxed elementor-section-height-default elementor-section-height-default\" data-id=\"217003c\" data-element_type=\"section\" data-e-type=\"section\">\n\t\t\t\t\t\t<div class=\"elementor-container elementor-column-gap-default\">\n\t\t\t\t\t<div class=\"aux-parallax-section elementor-column elementor-col-100 elementor-top-column elementor-element elementor-element-31ab358\" data-id=\"31ab358\" data-element_type=\"column\" data-e-type=\"column\">\n\t\t\t<div class=\"elementor-widget-wrap elementor-element-populated\">\n\t\t\t\t\t\t<div class=\"elementor-element elementor-element-c6a8d3a animated-slow elementor-invisible elementor-widget elementor-widget-image\" data-id=\"c6a8d3a\" data-element_type=\"widget\" data-e-type=\"widget\" data-settings=\"{&quot;_animation&quot;:&quot;zoomIn&quot;}\" data-widget_type=\"image.default\">\n\t\t\t\t<div class=\"elementor-widget-container\">\n\t\t\t\t\t\t\t\t\t\t\t\t<figure class=\"wp-caption\">\n\t\t\t\t\t\t\t\t\t\t<img fetchpriority=\"high\" decoding=\"async\" width=\"1024\" height=\"1024\" src=\"https:\/\/audio-tools.at\/wp-content\/uploads\/2021\/01\/IMG_1639-1024x1024.jpg\" class=\"attachment-large size-large wp-image-1226\" alt=\"S10\" srcset=\"https:\/\/audio-tools.at\/wp-content\/uploads\/2021\/01\/IMG_1639-1024x1024.jpg 1024w, https:\/\/audio-tools.at\/wp-content\/uploads\/2021\/01\/IMG_1639-300x300.jpg 300w, https:\/\/audio-tools.at\/wp-content\/uploads\/2021\/01\/IMG_1639-150x150.jpg 150w, https:\/\/audio-tools.at\/wp-content\/uploads\/2021\/01\/IMG_1639-768x768.jpg 768w, https:\/\/audio-tools.at\/wp-content\/uploads\/2021\/01\/IMG_1639-100x100.jpg 100w\" sizes=\"(max-width: 1024px) 100vw, 1024px\" \/>\t\t\t\t\t\t\t\t\t\t\t<figcaption class=\"widget-image-caption wp-caption-text\">Musikverein Wien - Goldener Saal<\/figcaption>\n\t\t\t\t\t\t\t\t\t\t<\/figure>\n\t\t\t\t\t\t\t\t\t<\/div>\n\t\t\t\t<\/div>\n\t\t\t\t\t<\/div>\n\t\t<\/div>\n\t\t\t\t\t<\/div>\n\t\t<\/section>\n\t\t\t\t<section class=\"elementor-section elementor-top-section elementor-element elementor-element-a12f2c9 elementor-section-boxed elementor-section-height-default elementor-section-height-default\" data-id=\"a12f2c9\" data-element_type=\"section\" data-e-type=\"section\">\n\t\t\t\t\t\t<div class=\"elementor-container elementor-column-gap-default\">\n\t\t\t\t\t<div class=\"aux-parallax-section elementor-column elementor-col-100 elementor-top-column elementor-element elementor-element-6a79ae4\" data-id=\"6a79ae4\" data-element_type=\"column\" data-e-type=\"column\">\n\t\t\t<div class=\"elementor-widget-wrap elementor-element-populated\">\n\t\t\t\t\t\t<div class=\"elementor-element elementor-element-ac7c44c animated-slow elementor-invisible elementor-widget elementor-widget-image\" data-id=\"ac7c44c\" data-element_type=\"widget\" data-e-type=\"widget\" data-settings=\"{&quot;_animation&quot;:&quot;zoomIn&quot;}\" data-widget_type=\"image.default\">\n\t\t\t\t<div class=\"elementor-widget-container\">\n\t\t\t\t\t\t\t\t\t\t\t\t<figure class=\"wp-caption\">\n\t\t\t\t\t\t\t\t\t\t<img decoding=\"async\" width=\"1024\" height=\"1024\" src=\"https:\/\/audio-tools.at\/wp-content\/uploads\/2021\/01\/IMG_1756-1024x1024.jpg\" class=\"attachment-large size-large wp-image-1231\" alt=\"\" srcset=\"https:\/\/audio-tools.at\/wp-content\/uploads\/2021\/01\/IMG_1756-1024x1024.jpg 1024w, https:\/\/audio-tools.at\/wp-content\/uploads\/2021\/01\/IMG_1756-300x300.jpg 300w, https:\/\/audio-tools.at\/wp-content\/uploads\/2021\/01\/IMG_1756-150x150.jpg 150w, https:\/\/audio-tools.at\/wp-content\/uploads\/2021\/01\/IMG_1756-768x768.jpg 768w, https:\/\/audio-tools.at\/wp-content\/uploads\/2021\/01\/IMG_1756-100x100.jpg 100w\" sizes=\"(max-width: 1024px) 100vw, 1024px\" \/>\t\t\t\t\t\t\t\t\t\t\t<figcaption class=\"widget-image-caption wp-caption-text\">Seefestspiele Bregenz - Adamson Point 12<\/figcaption>\n\t\t\t\t\t\t\t\t\t\t<\/figure>\n\t\t\t\t\t\t\t\t\t<\/div>\n\t\t\t\t<\/div>\n\t\t\t\t\t<\/div>\n\t\t<\/div>\n\t\t\t\t\t<\/div>\n\t\t<\/section>\n\t\t\t\t<section class=\"elementor-section elementor-top-section elementor-element elementor-element-5590505 elementor-section-boxed elementor-section-height-default elementor-section-height-default\" data-id=\"5590505\" data-element_type=\"section\" data-e-type=\"section\">\n\t\t\t\t\t\t<div class=\"elementor-container elementor-column-gap-default\">\n\t\t\t\t\t<div class=\"aux-parallax-section elementor-column elementor-col-100 elementor-top-column elementor-element elementor-element-20aa0a1\" data-id=\"20aa0a1\" data-element_type=\"column\" data-e-type=\"column\">\n\t\t\t<div class=\"elementor-widget-wrap elementor-element-populated\">\n\t\t\t\t\t\t<div class=\"elementor-element elementor-element-c1e7eb6 animated-slow elementor-invisible elementor-widget elementor-widget-image\" data-id=\"c1e7eb6\" data-element_type=\"widget\" data-e-type=\"widget\" data-settings=\"{&quot;_animation&quot;:&quot;zoomIn&quot;}\" data-widget_type=\"image.default\">\n\t\t\t\t<div class=\"elementor-widget-container\">\n\t\t\t\t\t\t\t\t\t\t\t\t<figure class=\"wp-caption\">\n\t\t\t\t\t\t\t\t\t\t<img decoding=\"async\" width=\"1024\" height=\"1024\" src=\"https:\/\/audio-tools.at\/wp-content\/uploads\/2021\/01\/IMG_1784-1024x1024.jpg\" class=\"attachment-large size-large wp-image-1236\" alt=\"\" srcset=\"https:\/\/audio-tools.at\/wp-content\/uploads\/2021\/01\/IMG_1784-1024x1024.jpg 1024w, https:\/\/audio-tools.at\/wp-content\/uploads\/2021\/01\/IMG_1784-300x300.jpg 300w, https:\/\/audio-tools.at\/wp-content\/uploads\/2021\/01\/IMG_1784-150x150.jpg 150w, https:\/\/audio-tools.at\/wp-content\/uploads\/2021\/01\/IMG_1784-768x768.jpg 768w, https:\/\/audio-tools.at\/wp-content\/uploads\/2021\/01\/IMG_1784-100x100.jpg 100w\" sizes=\"(max-width: 1024px) 100vw, 1024px\" \/>\t\t\t\t\t\t\t\t\t\t\t<figcaption class=\"widget-image-caption wp-caption-text\">Seefestspiele M\u00f6rbisch - Adamson Point 12<\/figcaption>\n\t\t\t\t\t\t\t\t\t\t<\/figure>\n\t\t\t\t\t\t\t\t\t<\/div>\n\t\t\t\t<\/div>\n\t\t\t\t\t<\/div>\n\t\t<\/div>\n\t\t\t\t\t<\/div>\n\t\t<\/section>\n\t\t\t\t<section class=\"elementor-section elementor-top-section elementor-element elementor-element-332d61d elementor-section-boxed elementor-section-height-default elementor-section-height-default\" data-id=\"332d61d\" data-element_type=\"section\" data-e-type=\"section\">\n\t\t\t\t\t\t<div class=\"elementor-container elementor-column-gap-default\">\n\t\t\t\t\t<div class=\"aux-parallax-section elementor-column elementor-col-100 elementor-top-column elementor-element elementor-element-8e366bb\" data-id=\"8e366bb\" data-element_type=\"column\" data-e-type=\"column\">\n\t\t\t<div class=\"elementor-widget-wrap elementor-element-populated\">\n\t\t\t\t\t\t<div class=\"elementor-element elementor-element-b074521 animated-slow elementor-invisible elementor-widget elementor-widget-image\" data-id=\"b074521\" data-element_type=\"widget\" data-e-type=\"widget\" data-settings=\"{&quot;_animation&quot;:&quot;zoomIn&quot;,&quot;_animation_delay&quot;:100}\" data-widget_type=\"image.default\">\n\t\t\t\t<div class=\"elementor-widget-container\">\n\t\t\t\t\t\t\t\t\t\t\t\t<figure class=\"wp-caption\">\n\t\t\t\t\t\t\t\t\t\t<img loading=\"lazy\" decoding=\"async\" width=\"1024\" height=\"1024\" src=\"https:\/\/audio-tools.at\/wp-content\/uploads\/2021\/01\/Iphone24062018-018-1024x1024.jpg\" class=\"attachment-large size-large wp-image-1240\" alt=\"Zelt\" srcset=\"https:\/\/audio-tools.at\/wp-content\/uploads\/2021\/01\/Iphone24062018-018-1024x1024.jpg 1024w, https:\/\/audio-tools.at\/wp-content\/uploads\/2021\/01\/Iphone24062018-018-300x300.jpg 300w, https:\/\/audio-tools.at\/wp-content\/uploads\/2021\/01\/Iphone24062018-018-150x150.jpg 150w, https:\/\/audio-tools.at\/wp-content\/uploads\/2021\/01\/Iphone24062018-018-768x768.jpg 768w, https:\/\/audio-tools.at\/wp-content\/uploads\/2021\/01\/Iphone24062018-018-100x100.jpg 100w\" sizes=\"(max-width: 1024px) 100vw, 1024px\" \/>\t\t\t\t\t\t\t\t\t\t\t<figcaption class=\"widget-image-caption wp-caption-text\">Ebersteiner Zeltverleih - Adamson S10 - Kundenevent<\/figcaption>\n\t\t\t\t\t\t\t\t\t\t<\/figure>\n\t\t\t\t\t\t\t\t\t<\/div>\n\t\t\t\t<\/div>\n\t\t\t\t\t<\/div>\n\t\t<\/div>\n\t\t\t\t\t<\/div>\n\t\t<\/section>\n\t\t\t\t<section class=\"elementor-section elementor-top-section elementor-element elementor-element-8962186 elementor-section-boxed elementor-section-height-default elementor-section-height-default\" data-id=\"8962186\" data-element_type=\"section\" data-e-type=\"section\">\n\t\t\t\t\t\t<div class=\"elementor-container elementor-column-gap-default\">\n\t\t\t\t\t<div class=\"aux-parallax-section elementor-column elementor-col-100 elementor-top-column elementor-element elementor-element-d38ae33\" data-id=\"d38ae33\" data-element_type=\"column\" data-e-type=\"column\">\n\t\t\t<div class=\"elementor-widget-wrap elementor-element-populated\">\n\t\t\t\t\t\t<div class=\"elementor-element elementor-element-f2ee4d5 animated-slow elementor-invisible elementor-widget elementor-widget-image\" data-id=\"f2ee4d5\" data-element_type=\"widget\" data-e-type=\"widget\" data-settings=\"{&quot;_animation&quot;:&quot;zoomIn&quot;}\" data-widget_type=\"image.default\">\n\t\t\t\t<div class=\"elementor-widget-container\">\n\t\t\t\t\t\t\t\t\t\t\t\t<figure class=\"wp-caption\">\n\t\t\t\t\t\t\t\t\t\t<img loading=\"lazy\" decoding=\"async\" width=\"1024\" height=\"1024\" src=\"https:\/\/audio-tools.at\/wp-content\/uploads\/2021\/01\/metrix_for_marketarea-1024x1024.jpg\" class=\"attachment-large size-large wp-image-1242\" alt=\"Ruder WM\" srcset=\"https:\/\/audio-tools.at\/wp-content\/uploads\/2021\/01\/metrix_for_marketarea-1024x1024.jpg 1024w, https:\/\/audio-tools.at\/wp-content\/uploads\/2021\/01\/metrix_for_marketarea-300x300.jpg 300w, https:\/\/audio-tools.at\/wp-content\/uploads\/2021\/01\/metrix_for_marketarea-150x150.jpg 150w, https:\/\/audio-tools.at\/wp-content\/uploads\/2021\/01\/metrix_for_marketarea-768x768.jpg 768w, https:\/\/audio-tools.at\/wp-content\/uploads\/2021\/01\/metrix_for_marketarea-100x100.jpg 100w\" sizes=\"(max-width: 1024px) 100vw, 1024px\" \/>\t\t\t\t\t\t\t\t\t\t\t<figcaption class=\"widget-image-caption wp-caption-text\">Ruder WM Ottensheim - MEB - Adamson Metrix<\/figcaption>\n\t\t\t\t\t\t\t\t\t\t<\/figure>\n\t\t\t\t\t\t\t\t\t<\/div>\n\t\t\t\t<\/div>\n\t\t\t\t\t<\/div>\n\t\t<\/div>\n\t\t\t\t\t<\/div>\n\t\t<\/section>\n\t\t\t\t<section class=\"elementor-section elementor-top-section elementor-element elementor-element-c5edce2 elementor-section-boxed elementor-section-height-default elementor-section-height-default\" data-id=\"c5edce2\" data-element_type=\"section\" data-e-type=\"section\">\n\t\t\t\t\t\t<div class=\"elementor-container elementor-column-gap-default\">\n\t\t\t\t\t<div class=\"aux-parallax-section elementor-column elementor-col-100 elementor-top-column elementor-element elementor-element-4f9640c\" data-id=\"4f9640c\" data-element_type=\"column\" data-e-type=\"column\">\n\t\t\t<div class=\"elementor-widget-wrap elementor-element-populated\">\n\t\t\t\t\t\t<div class=\"elementor-element elementor-element-0f08cd0 animated-slow elementor-invisible elementor-widget elementor-widget-image\" data-id=\"0f08cd0\" data-element_type=\"widget\" data-e-type=\"widget\" data-settings=\"{&quot;_animation&quot;:&quot;zoomIn&quot;}\" data-widget_type=\"image.default\">\n\t\t\t\t<div class=\"elementor-widget-container\">\n\t\t\t\t\t\t\t\t\t\t\t\t<figure class=\"wp-caption\">\n\t\t\t\t\t\t\t\t\t\t<img loading=\"lazy\" decoding=\"async\" width=\"720\" height=\"540\" src=\"https:\/\/audio-tools.at\/wp-content\/uploads\/2021\/01\/S7PSalesKirche.jpg\" class=\"attachment-large size-large wp-image-1262\" alt=\"Adamson S7p\" srcset=\"https:\/\/audio-tools.at\/wp-content\/uploads\/2021\/01\/S7PSalesKirche.jpg 720w, https:\/\/audio-tools.at\/wp-content\/uploads\/2021\/01\/S7PSalesKirche-250x188.jpg 250w, https:\/\/audio-tools.at\/wp-content\/uploads\/2021\/01\/S7PSalesKirche-500x375.jpg 500w, https:\/\/audio-tools.at\/wp-content\/uploads\/2021\/01\/S7PSalesKirche-64x48.jpg 64w\" sizes=\"(max-width: 720px) 100vw, 720px\" \/>\t\t\t\t\t\t\t\t\t\t\t<figcaption class=\"widget-image-caption wp-caption-text\">Adamson S7P Kirche Wien<\/figcaption>\n\t\t\t\t\t\t\t\t\t\t<\/figure>\n\t\t\t\t\t\t\t\t\t<\/div>\n\t\t\t\t<\/div>\n\t\t\t\t\t<\/div>\n\t\t<\/div>\n\t\t\t\t\t<\/div>\n\t\t<\/section>\n\t\t\t\t<section class=\"elementor-section elementor-top-section elementor-element elementor-element-a9a58a6 elementor-section-boxed elementor-section-height-default elementor-section-height-default\" data-id=\"a9a58a6\" data-element_type=\"section\" data-e-type=\"section\">\n\t\t\t\t\t\t<div class=\"elementor-container elementor-column-gap-default\">\n\t\t\t\t\t<div class=\"aux-parallax-section elementor-column elementor-col-100 elementor-top-column elementor-element elementor-element-0496cb7\" data-id=\"0496cb7\" data-element_type=\"column\" data-e-type=\"column\">\n\t\t\t<div class=\"elementor-widget-wrap elementor-element-populated\">\n\t\t\t\t\t\t<div class=\"elementor-element elementor-element-b38b463 elementor-widget elementor-widget-video\" data-id=\"b38b463\" data-element_type=\"widget\" data-e-type=\"widget\" data-settings=\"{&quot;youtube_url&quot;:&quot;https:\\\/\\\/www.youtube.com\\\/watch?v=1HZNzzwjcM4&quot;,&quot;video_type&quot;:&quot;youtube&quot;,&quot;controls&quot;:&quot;yes&quot;}\" data-widget_type=\"video.default\">\n\t\t\t\t<div class=\"elementor-widget-container\">\n\t\t\t\t\t\t\t<div class=\"elementor-wrapper elementor-open-inline\">\n\t\t\t<div class=\"elementor-video\"><\/div>\t\t<\/div>\n\t\t\t\t\t\t<\/div>\n\t\t\t\t<\/div>\n\t\t\t\t\t<\/div>\n\t\t<\/div>\n\t\t\t\t\t<\/div>\n\t\t<\/section>\n\t\t\t\t<section class=\"elementor-section elementor-top-section elementor-element elementor-element-0798121 elementor-section-boxed elementor-section-height-default elementor-section-height-default\" data-id=\"0798121\" data-element_type=\"section\" data-e-type=\"section\">\n\t\t\t\t\t\t<div class=\"elementor-container elementor-column-gap-default\">\n\t\t\t\t\t<div class=\"aux-parallax-section elementor-column elementor-col-100 elementor-top-column elementor-element elementor-element-88306a5\" data-id=\"88306a5\" data-element_type=\"column\" data-e-type=\"column\">\n\t\t\t<div class=\"elementor-widget-wrap\">\n\t\t\t\t\t\t\t<\/div>\n\t\t<\/div>\n\t\t\t\t\t<\/div>\n\t\t<\/section>\n\t\t\t\t<section class=\"elementor-section elementor-top-section elementor-element elementor-element-4b17ee70 elementor-section-height-min-height elementor-section-content-middle elementor-section-boxed elementor-section-height-default elementor-section-items-middle\" data-id=\"4b17ee70\" data-element_type=\"section\" data-e-type=\"section\">\n\t\t\t\t\t\t<div class=\"elementor-container elementor-column-gap-default\">\n\t\t\t\t\t<div class=\"aux-parallax-section elementor-column elementor-col-100 elementor-top-column elementor-element elementor-element-587061aa\" data-id=\"587061aa\" data-element_type=\"column\" data-e-type=\"column\">\n\t\t\t<div class=\"elementor-widget-wrap elementor-element-populated\">\n\t\t\t\t\t\t<div class=\"elementor-element elementor-element-5e2ec6a elementor-widget elementor-widget-aux_video\" data-id=\"5e2ec6a\" data-element_type=\"widget\" data-e-type=\"widget\" data-widget_type=\"aux_video.default\">\n\t\t\t\t<div class=\"elementor-widget-container\">\n\t\t\t\t\t<section class=\"widget-container aux-widget-video aux-parent-auff22ec88\"><div style=\"width: 1600px;\" class=\"wp-video\"><video class=\"wp-video-shortcode aux-player-dark aux-provider-youtube\" id=\"video-1221-1\" width=\"1600\" height=\"900\" preload=\"metadata\" controls=\"controls\"><source type=\"video\/youtube\" src=\"https:\/\/www.youtube.com\/watch?v=0x7G0WA1qAg&#038;_=1\" \/><a href=\"https:\/\/www.youtube.com\/watch?v=0x7G0WA1qAg\" target=\"_blank\" rel=\"noopener\">https:\/\/www.youtube.com\/watch?v=0x7G0WA1qAg<\/a><\/video><\/div><\/section><!-- widget-container -->\t\t\t\t<\/div>\n\t\t\t\t<\/div>\n\t\t\t\t\t<\/div>\n\t\t<\/div>\n\t\t\t\t\t<\/div>\n\t\t<\/section>\n\t\t\t\t<\/div>\n\t\t","protected":false},"excerpt":{"rendered":"<p>Adamson ist einer der f\u00fchrenden Anbieter f\u00fcr hochwertige professionelle Audiol\u00f6sungen. Hier finden Sie einen Querschnitt und Impressionen, quer durch \u00d6sterreich von den Bregenzer Festspielen bis zum Goldenen Saal des Musikveriens Wien. Musikverein Wien &#8211; Goldener Saal Seefestspiele Bregenz &#8211; Adamson Point 12 Seefestspiele M\u00f6rbisch &#8211; Adamson Point 12 Ebersteiner Zeltverleih &#8211; Adamson S10 &#8211; Kundenevent [&hellip;]<\/p>\n","protected":false},"author":2,"featured_media":1224,"comment_status":"closed","ping_status":"closed","sticky":true,"template":"","format":"standard","meta":{"_jetpack_memberships_contains_paid_content":false,"footnotes":""},"categories":[1],"tags":[],"class_list":["post-1221","post","type-post","status-publish","format-standard","has-post-thumbnail","hentry","category-uncategorized"],"jetpack_featured_media_url":"https:\/\/audio-tools.at\/wp-content\/uploads\/2021\/01\/2017-09-29-22.57.32-scaled.jpg","jetpack_sharing_enabled":true,"_links":{"self":[{"href":"https:\/\/audio-tools.at\/index.php\/wp-json\/wp\/v2\/posts\/1221","targetHints":{"allow":["GET"]}}],"collection":[{"href":"https:\/\/audio-tools.at\/index.php\/wp-json\/wp\/v2\/posts"}],"about":[{"href":"https:\/\/audio-tools.at\/index.php\/wp-json\/wp\/v2\/types\/post"}],"author":[{"embeddable":true,"href":"https:\/\/audio-tools.at\/index.php\/wp-json\/wp\/v2\/users\/2"}],"replies":[{"embeddable":true,"href":"https:\/\/audio-tools.at\/index.php\/wp-json\/wp\/v2\/comments?post=1221"}],"version-history":[{"count":60,"href":"https:\/\/audio-tools.at\/index.php\/wp-json\/wp\/v2\/posts\/1221\/revisions"}],"predecessor-version":[{"id":1653,"href":"https:\/\/audio-tools.at\/index.php\/wp-json\/wp\/v2\/posts\/1221\/revisions\/1653"}],"wp:featuredmedia":[{"embeddable":true,"href":"https:\/\/audio-tools.at\/index.php\/wp-json\/wp\/v2\/media\/1224"}],"wp:attachment":[{"href":"https:\/\/audio-tools.at\/index.php\/wp-json\/wp\/v2\/media?parent=1221"}],"wp:term":[{"taxonomy":"category","embeddable":true,"href":"https:\/\/audio-tools.at\/index.php\/wp-json\/wp\/v2\/categories?post=1221"},{"taxonomy":"post_tag","embeddable":true,"href":"https:\/\/audio-tools.at\/index.php\/wp-json\/wp\/v2\/tags?post=1221"}],"curies":[{"name":"wp","href":"https:\/\/api.w.org\/{rel}","templated":true}]}}